{"id":2691,"date":"2021-08-27T13:54:09","date_gmt":"2021-08-27T11:54:09","guid":{"rendered":"https:\/\/www.kaischuberseel.de\/?p=2691"},"modified":"2024-11-26T17:47:21","modified_gmt":"2024-11-26T16:47:21","slug":"darmstadtspeakerskulturamwerkeln","status":"publish","type":"post","link":"https:\/\/www.kaischuberseel.de\/?p=2691","title":{"rendered":"DARMSTADT_SPEAKERS \u2013 Kultur am Werkeln"},"content":{"rendered":"<p>DARMSTADT_SPEAKERS \u2013 Kultur am Werkeln. Leider ist das zweit\u00e4gige Kultour-Format schon wieder zu Ende. Unser erster Stopp war bei Menschenskinder \u2013 die Werkstatt f\u00fcr Familienkultur e.V. Getreu dem Motto von Menschenskinder \u00b4entspannt ins Wochenende` hatten wir eine wunderbare Veranstaltung mit Johanna Schubert (Poetry); Antajou (Performance); Ye\u015fil Mahalle (Garage).<br \/>\nDer zweite Stopp war am Taunusplatz. In Kooperation mit dem Fahrradladen Sparrad konnten die G\u00e4ste bei Kunst und Kultur ihr Fahrrad reparieren und ein k\u00fchles Getr\u00e4nk vom Hobbit zu sich nehmen. Mit dabei waren: Sallar (Elektro mit selbstgebautem Instrument &#8218;Santoscope&#8216;); Mira Cohan begleitet von David Beyer (Weltmusik); Samba Az\u00fal (Percussion-Crew).<\/p>\n<p><strong>Schirmfrau:<\/strong> B\u00fcrgermeisterin Barbara Akdeniz<\/p>\n<p><strong>Produktionsteam:<\/strong><\/p>\n<p>Kai Schuber-Seel \u2013 Idee, Organisation, Moderation<br \/>\nElisabeth Lawonn \u2013 Organisation (Kranichstein inklusiv)<br \/>\nCrist\u00f3bal Gonzalez; David Beyer \u2013 Haus- und Hofmusiker<br \/>\nJasmin Keller; Manfred Rademacher \u2013 Haus- und Hoffotograf<br \/>\nFrederik Freber \u2013 Technik<br \/>\nMarc-Steven Pou \u2013 Grafik<\/p>\n<p>Eine Veranstaltung der Regionalen Diakonie Darmstadt-Dieburg in Kooperation mit Erfinder, Organisator und Kurator Kai Schuber-Seel (Theater f\u00fcr Alle)<\/p>\n<p>Finanziell unterst\u00fctzt von der Wissenschaftsstadt Darmstadt.<\/p>\n<hr \/>\n<p>Fotos @ Manfred Rademacher und Jasmin Keller<\/p>\n","protected":false},"excerpt":{"rendered":"<p>DARMSTADT_SPEAKERS \u2013 Kultur am Werkeln. Leider ist das zweit\u00e4gige Kultour-Format schon wieder zu Ende. Unser erster Stopp war bei Menschenskinder \u2013 die [&hellip;]<\/p>\n","protected":false},"author":1,"featured_media":3245,"comment_status":"open","ping_status":"open","sticky":false,"template":"","format":"standard","meta":{"footnotes":""},"categories":[1],"tags":[],"class_list":["post-2691","post","type-post","status-publish","format-standard","has-post-thumbnail","hentry","category-allgemein"],"_links":{"self":[{"href":"https:\/\/www.kaischuberseel.de\/index.php?rest_route=\/wp\/v2\/posts\/2691","targetHints":{"allow":["GET"]}}],"collection":[{"href":"https:\/\/www.kaischuberseel.de\/index.php?rest_route=\/wp\/v2\/posts"}],"about":[{"href":"https:\/\/www.kaischuberseel.de\/index.php?rest_route=\/wp\/v2\/types\/post"}],"author":[{"embeddable":true,"href":"https:\/\/www.kaischuberseel.de\/index.php?rest_route=\/wp\/v2\/users\/1"}],"replies":[{"embeddable":true,"href":"https:\/\/www.kaischuberseel.de\/index.php?rest_route=%2Fwp%2Fv2%2Fcomments&post=2691"}],"version-history":[{"count":27,"href":"https:\/\/www.kaischuberseel.de\/index.php?rest_route=\/wp\/v2\/posts\/2691\/revisions"}],"predecessor-version":[{"id":3244,"href":"https:\/\/www.kaischuberseel.de\/index.php?rest_route=\/wp\/v2\/posts\/2691\/revisions\/3244"}],"wp:featuredmedia":[{"embeddable":true,"href":"https:\/\/www.kaischuberseel.de\/index.php?rest_route=\/wp\/v2\/media\/3245"}],"wp:attachment":[{"href":"https:\/\/www.kaischuberseel.de\/index.php?rest_route=%2Fwp%2Fv2%2Fmedia&parent=2691"}],"wp:term":[{"taxonomy":"category","embeddable":true,"href":"https:\/\/www.kaischuberseel.de\/index.php?rest_route=%2Fwp%2Fv2%2Fcategories&post=2691"},{"taxonomy":"post_tag","embeddable":true,"href":"https:\/\/www.kaischuberseel.de\/index.php?rest_route=%2Fwp%2Fv2%2Ftags&post=2691"}],"curies":[{"name":"wp","href":"https:\/\/api.w.org\/{rel}","templated":true}]}}